{"id":224,"date":"2025-12-18T04:24:38","date_gmt":"2025-12-18T04:24:38","guid":{"rendered":"https:\/\/mercedesservis.com\/?p=224"},"modified":"2025-12-18T04:30:45","modified_gmt":"2025-12-18T04:30:45","slug":"224","status":"publish","type":"post","link":"https:\/\/mercedesservis.com\/?p=224","title":{"rendered":"Mercedes Motor Ar\u0131za Lambas\u0131 Neden Yanar?(Kesin \u00c7\u00f6z\u00fcm 2025)"},"content":{"rendered":"<h1>Mercedes Motor Ar\u0131za Lambas\u0131 Neden Yanar? (Kesin \u00c7\u00f6z\u00fcm ve Nedenleri)<\/h1>\n<p>Mercedes-Benz arac\u0131n\u0131z\u0131n g\u00f6sterge panelinde aniden beliren <strong>sar\u0131 motor ar\u0131za lambas\u0131<\/strong>, her s\u00fcr\u00fcc\u00fc i\u00e7in endi\u015fe verici olabilir. Ancak bu lamba her zaman b\u00fcy\u00fck bir motor ar\u0131zas\u0131 anlam\u0131na gelmez. Bazen basit bir sens\u00f6r kirlili\u011fi, bazen de ciddi bir mekanik sorun habercisidir. Bu rehberde, Mercedes ara\u00e7larda motor ar\u0131za lambas\u0131n\u0131n en yayg\u0131n nedenlerini ve \u00e7\u00f6z\u00fcm yollar\u0131n\u0131 bulabilirsiniz.<\/p>\n<hr \/>\n<h2>Mercedes Motor Ar\u0131za Lambas\u0131n\u0131n En Yayg\u0131n 5 Nedeni<\/h2>\n<p>Modern Mercedes ara\u00e7lar (W204, W205, W212, W213 vb.), binlerce sens\u00f6rle donat\u0131lm\u0131\u015ft\u0131r. Lamban\u0131n yanmas\u0131na en \u00e7ok \u015fu durumlar sebep olur:<\/p>\n<ul>\n<li><strong>Oksijen (Lambda) Sens\u00f6r\u00fc Ar\u0131zas\u0131:<\/strong> Egzoz gaz\u0131ndaki oksijen miktar\u0131n\u0131 \u00f6l\u00e7en bu sens\u00f6r bozuldu\u011funda, yak\u0131t kar\u0131\u015f\u0131m\u0131 dengesizle\u015fir ve lamba yanar.<\/li>\n<li><strong>Dizel Partik\u00fcl Filtresi (DPF) Dolulu\u011fu:<\/strong> \u00d6zellikle dizel Mercedes modellerinde \u015fehir i\u00e7i k\u0131sa mesafe kullan\u0131m\u0131nda DPF dolar ve motor koruma moduna ge\u00e7er.<\/li>\n<li><strong>Ate\u015fleme Bobini ve Buji Sorunlar\u0131:<\/strong> Benzinli modellerde (C180, E200 gibi) ate\u015fleme ka\u00e7aklar\u0131 sars\u0131nt\u0131l\u0131 \u00e7al\u0131\u015fma ile birlikte ar\u0131za lambas\u0131n\u0131 tetikler.<\/li>\n<li><strong>Ak\u0131\u015fmetre (MAF) Sens\u00f6r\u00fc:<\/strong> Motorun i\u00e7ine giren hava miktar\u0131n\u0131 \u00f6l\u00e7en bu par\u00e7an\u0131n kirlenmesi, performans d\u00fc\u015f\u00fckl\u00fc\u011f\u00fcne yol a\u00e7ar.<\/li>\n<li><strong>Yak\u0131t Sistemi Hatalar\u0131:<\/strong> Kalitesiz yak\u0131t kullan\u0131m\u0131 veya yak\u0131t pompas\u0131 bas\u0131n\u00e7 sorunlar\u0131 en yayg\u0131n nedenler aras\u0131ndad\u0131r.<\/li>\n<\/ul>\n<hr \/>\n<h2>Ar\u0131za Lambas\u0131 Yanarken Ara\u00e7 Kullan\u0131lmaya Devam Edilir mi?<\/h2>\n<p>Bu sorunun cevab\u0131 lamban\u0131n rengine ve yanma \u015fekline ba\u011fl\u0131d\u0131r:<\/p>\n<blockquote><p>\n    <strong>Sar\u0131 I\u015f\u0131k:<\/strong> Ara\u00e7ta bir sorun alg\u0131land\u0131\u011f\u0131n\u0131 ancak s\u00fcr\u00fc\u015fe (d\u00fc\u015f\u00fck h\u0131zla) devam edebilece\u011finizi g\u00f6sterir. En k\u0131sa s\u00fcrede bir Mercedes servisine ba\u015fvurmal\u0131s\u0131n\u0131z.<\/p>\n<p>    <strong>K\u0131rm\u0131z\u0131 veya Yan\u0131p S\u00f6nen I\u015f\u0131k:<\/strong> Ciddi bir motor hasar\u0131 olu\u015fabilir. Arac\u0131n\u0131z\u0131 hemen g\u00fcvenli bir yere \u00e7ekmeli ve motoru durdurmal\u0131s\u0131n\u0131z.\n<\/p><\/blockquote>\n<hr \/>\n<h2>Mercedes Ar\u0131za Lambas\u0131 Nas\u0131l S\u00f6nd\u00fcr\u00fcl\u00fcr?<\/h2>\n<p>\u0130nternette g\u00f6rd\u00fc\u011f\u00fcn\u00fcz &#8220;ak\u00fc ba\u015fl\u0131\u011f\u0131n\u0131 s\u00f6k-tak&#8221; gibi y\u00f6ntemler, modern Mercedes-Benz yaz\u0131l\u0131mlar\u0131nda i\u015fe yaramaz. Ar\u0131za kodunu silmek, sorunu \u00e7\u00f6zmez; sadece belirtiyi gizler. Kesin \u00e7\u00f6z\u00fcm i\u00e7in <strong>OBD2 Diyagnoz<\/strong> cihaz\u0131 ile hata kodunun okunmas\u0131 ve ar\u0131zal\u0131 par\u00e7an\u0131n onar\u0131lmas\u0131 gerekir.<\/p>\n<hr \/>\n<h2>S\u0131k\u00e7a Sorulan Sorular<\/h2>\n<h3>Mercedes motor ar\u0131za lambas\u0131 kendi kendine s\u00f6ner mi?<\/h3>\n<p>E\u011fer hata anl\u0131k bir sens\u00f6r sapmas\u0131ndan kaynakl\u0131ysa (\u00f6rne\u011fin yak\u0131t kapa\u011f\u0131n\u0131n gev\u015fek kalmas\u0131), sorun giderildi\u011finde lamba birka\u00e7 s\u00fcr\u00fc\u015f \u00e7evrimi sonras\u0131 s\u00f6nebilir. Ancak kronik sorunlarda m\u00fcdahale \u015fartt\u0131r.<\/p>\n<h3>Ar\u0131za lambas\u0131 yanan ara\u00e7 muayeneden ge\u00e7er mi?<\/h3>\n<p>Motor ar\u0131za lambas\u0131n\u0131n yanmas\u0131, T\u00dcVT\u00dcRK muayenelerinde &#8220;A\u011f\u0131r Kusur&#8221; olarak de\u011ferlendirilebilir ve arac\u0131n\u0131z\u0131n muayeneden ge\u00e7mesine engel olabilir.<\/p>\n<hr \/>\n","protected":false},"excerpt":{"rendered":"<p>Mercedes Motor Ar\u0131za Lambas\u0131 Neden Yanar? (Kesin \u00c7\u00f6z\u00fcm ve Nedenleri) Mercedes-Benz arac\u0131n\u0131z\u0131n g\u00f6sterge panelinde aniden beliren sar\u0131 motor ar\u0131za lambas\u0131, her s\u00fcr\u00fcc\u00fc i\u00e7in endi\u015fe verici olabilir. Ancak bu lamba her zaman b\u00fcy\u00fck bir motor ar\u0131zas\u0131 anlam\u0131na gelmez. Bazen basit bir sens\u00f6r kirlili\u011fi, bazen de ciddi bir mekanik sorun habercisidir. Bu rehberde, Mercedes ara\u00e7larda motor ar\u0131za [&hellip;]<\/p>\n","protected":false},"author":1,"featured_media":0,"comment_status":"open","ping_status":"open","sticky":false,"template":"","format":"standard","meta":{"_jetpack_memberships_contains_paid_content":false,"footnotes":""},"categories":[43],"tags":[55,41,54,56,53],"class_list":["post-224","post","type-post","status-publish","format-standard","hentry","category-haberler","tag-ariza-lambasi","tag-mercedes-servis","tag-motor-arizasi","tag-oksijen-sensoru","tag-yetkili-servis"],"jetpack_featured_media_url":"","jetpack_sharing_enabled":true,"_links":{"self":[{"href":"https:\/\/mercedesservis.com\/index.php?rest_route=\/wp\/v2\/posts\/224","targetHints":{"allow":["GET"]}}],"collection":[{"href":"https:\/\/mercedesservis.com\/index.php?rest_route=\/wp\/v2\/posts"}],"about":[{"href":"https:\/\/mercedesservis.com\/index.php?rest_route=\/wp\/v2\/types\/post"}],"author":[{"embeddable":true,"href":"https:\/\/mercedesservis.com\/index.php?rest_route=\/wp\/v2\/users\/1"}],"replies":[{"embeddable":true,"href":"https:\/\/mercedesservis.com\/index.php?rest_route=%2Fwp%2Fv2%2Fcomments&post=224"}],"version-history":[{"count":3,"href":"https:\/\/mercedesservis.com\/index.php?rest_route=\/wp\/v2\/posts\/224\/revisions"}],"predecessor-version":[{"id":227,"href":"https:\/\/mercedesservis.com\/index.php?rest_route=\/wp\/v2\/posts\/224\/revisions\/227"}],"wp:attachment":[{"href":"https:\/\/mercedesservis.com\/index.php?rest_route=%2Fwp%2Fv2%2Fmedia&parent=224"}],"wp:term":[{"taxonomy":"category","embeddable":true,"href":"https:\/\/mercedesservis.com\/index.php?rest_route=%2Fwp%2Fv2%2Fcategories&post=224"},{"taxonomy":"post_tag","embeddable":true,"href":"https:\/\/mercedesservis.com\/index.php?rest_route=%2Fwp%2Fv2%2Ftags&post=224"}],"curies":[{"name":"wp","href":"https:\/\/api.w.org\/{rel}","templated":true}]}}